[{"@context":"https:\/\/schema.org\/","@type":"Article","@id":"https:\/\/www.tenad.cz\/stavba-drevene-terasy\/#Article","mainEntityOfPage":"https:\/\/www.tenad.cz\/stavba-drevene-terasy\/","headline":"Stavba d\u0159ev\u011bn\u00e9 terasy","name":"Stavba d\u0159ev\u011bn\u00e9 terasy","description":"Terasa u rodinn\u00e9ho dome\u010dku m\u00e1 v dne\u0161n\u00ed dob\u011b \u0159adu vyu\u017eit\u00ed. Nej\u010dast\u011bji slou\u017e\u00ed jako m\u00edsto k posezen\u00ed a odpo\u010dinku, m\u016f\u017eeme ji tak\u00e9 ale vyu\u017e\u00edt k p\u011bstov\u00e1n\u00ed bylinek nebo t\u0159eba k su\u0161en\u00ed pr\u00e1dla. Jestli\u017ee po takov\u00e9 terase tou\u017e\u00edte, nebojte se zkusit si takovou d\u0159ev\u011bnou terasu postavit sami. A pokud jste dom\u00e1c\u00ed kutil,...","datePublished":"2021-12-19","dateModified":"2023-05-24","author":{"@type":"Person","@id":"https:\/\/www.tenad.cz\/author\/devene\/#Person","name":"devene","url":"https:\/\/www.tenad.cz\/author\/devene\/","identifier":1,"image":{"@type":"ImageObject","@id":"https:\/\/secure.gravatar.com\/avatar\/89f417dfbb336d235b856435ef935ffa51c2f646edc1f5c4e6fccf32a9c88173?s=96&d=mm&r=g","url":"https:\/\/secure.gravatar.com\/avatar\/89f417dfbb336d235b856435ef935ffa51c2f646edc1f5c4e6fccf32a9c88173?s=96&d=mm&r=g","height":96,"width":96}},"publisher":{"@type":"Organization","name":"tenad.cz","logo":{"@type":"ImageObject","@id":"\/logo.png","url":"\/logo.png","width":600,"height":60}},"image":{"@type":"ImageObject","@id":"https:\/\/www.tenad.cz\/wp-content\/uploads\/floor-g41d4ef6d4_1920.jpg","url":"https:\/\/www.tenad.cz\/wp-content\/uploads\/floor-g41d4ef6d4_1920.jpg","height":0,"width":0},"url":"https:\/\/www.tenad.cz\/stavba-drevene-terasy\/","about":["Nakupov\u00e1n\u00ed"],"wordCount":444,"articleBody":"Terasa u rodinn\u00e9ho dome\u010dku m\u00e1 v dne\u0161n\u00ed dob\u011b \u0159adu vyu\u017eit\u00ed. Nej\u010dast\u011bji slou\u017e\u00ed jako m\u00edsto k posezen\u00ed a odpo\u010dinku, m\u016f\u017eeme ji tak\u00e9 ale vyu\u017e\u00edt k p\u011bstov\u00e1n\u00ed bylinek nebo t\u0159eba k su\u0161en\u00ed pr\u00e1dla. Jestli\u017ee po takov\u00e9 terase tou\u017e\u00edte, nebojte se zkusit si takovou d\u0159ev\u011bnou terasu postavit sami. A pokud jste dom\u00e1c\u00ed kutil, pr\u00e1ce v\u00e1m p\u016fjde od ruky. Prvn\u00edm krokem bude vyhlouben\u00ed j\u00e1my ve velikosti uva\u017eovan\u00e9 terasy p\u0159ibli\u017en\u011b 50 cm hlubok\u00e9. Po vyhlouben\u00ed j\u00e1my se po cel\u00e9m obvodu venkovn\u00ed terasy mus\u00ed usadit obrubn\u00edky, kter\u00e9 se ukl\u00e1daj\u00ed do betonov\u00e9ho lo\u017ee. Nyn\u00ed je na \u0159ad\u011b podkladov\u00e1 vrstva \u0161t\u011brku. Dospod p\u0159ijde hrub\u00e1 frakce \u0161t\u011brku, vrchn\u00ed vrstvy jsou tvo\u0159eny jemnou frakc\u00ed. Vysok\u00e1 vrstva \u0161t\u011brku je d\u016fle\u017eit\u00e1 z hlediska propustnosti a odvodu vody. D\u0159ev\u011bn\u00e1 prkna toti\u017e nebudou od zem\u011b vlhnout a t\u00edm p\u00e1dem nebudou plesniv\u011bt a hn\u00edt. Podkladov\u00fd \u0161t\u011brk se mus\u00ed udusat, proto\u017ee p\u0159\u00edpadn\u00e9 nerovnosti by mohli komplikovat pokl\u00e1dku hranol\u016f. Pokud m\u00e1me polo\u017een\u00e9 podkladov\u00e9 hranoly, p\u0159ich\u00e1z\u00ed na \u0159adu p\u0159ipev\u0148ov\u00e1n\u00ed samotn\u00fdch terasov\u00fdch prken. Ta se pokl\u00e1daj\u00ed kolmo na hranoly a p\u0159ipev\u0148uj\u00ed se v\u017edy dv\u011bma vruty. V\u017edy pou\u017e\u00edvejte nerezov\u00e9 terasov\u00e9 vruty, kter\u00e9 p\u0159edch\u00e1z\u00ed poni\u010den\u00ed d\u0159eva a zvy\u0161uj\u00ed \u017eivotnost terasy. Mezi terasov\u00fdmi prkny by m\u011bla b\u00fdt mezera 5-10 mm. K tomu v\u00e1m poslou\u017e\u00ed distan\u010dn\u00ed podlo\u017eky, kter\u00e9 lze potom odstranit. Je pot\u0159eba db\u00e1t na to, aby v\u0161echny vruty na terase byly v rovin\u011b. Nyn\u00ed m\u00e1me terasu hotovou a sta\u010d\u00ed u\u017e jen \u0159\u00e1dn\u011b o\u0161et\u0159it d\u0159evo. Pokud si k v\u00fdstavb\u011b terasy vyberete smrkov\u00e9 nebo borovicov\u00e9 d\u0159evo, v\u00fdhodou bude n\u00edzk\u00e1 po\u0159izovac\u00ed cena, ale takov\u00e1 terasa klade vysok\u00e9 n\u00e1klady na \u00fadr\u017ebu a jej\u00ed \u017eivotnost je okolo 10 let. Naopak u teras z mod\u0159\u00ednov\u00e9ho d\u0159eva nen\u00ed povrchov\u00e1 \u00faprava nezbytn\u00e1, pokud v\u00e1m nevad\u00ed, \u017ee terasa p\u016fsoben\u00edm sv\u011btla ze\u0161edne. \u017divotnost t\u00e9to terasy je a\u017e 25 let, ale po\u0159izovac\u00ed cena je vy\u0161\u0161\u00ed oproti prvn\u00ed variant\u011b. Terasa z exotick\u00fdch d\u0159evin m\u00e1 vysokou \u017eivotnost, je nen\u00e1ro\u010dn\u00e1 na \u00fadr\u017ebu, povrchov\u00e1 \u00faprava nen\u00ed nutn\u00e1 a lze si vybrat z n\u011bkolika odst\u00edn\u016f. Nev\u00fdhodou je vysok\u00e1 po\u0159izovac\u00ed cena, mo\u017en\u00e9 vyplavov\u00e1n\u00ed barev a p\u0159i kontaktu s \u017eelezn\u00fdm p\u0159edm\u011btem se na d\u0159ev\u011b vytv\u00e1\u0159\u00ed tmav\u00e9 skvrny.                                                                                                                                                                                                                                                                                                                                                                                          4\/5 - (2 votes)        "},{"@context":"https:\/\/schema.org\/","@type":"BreadcrumbList","itemListElement":[{"@type":"ListItem","position":1,"name":"Stavba d\u0159ev\u011bn\u00e9 terasy","item":"https:\/\/www.tenad.cz\/stavba-drevene-terasy\/#breadcrumbitem"}]}]