[{"@context":"https:\/\/schema.org\/","@type":"Blog","@id":"https:\/\/www.tenad.cz#Blog","headline":"Tenad","description":"\nCht\u011bli byste m\u00edt v\u00edc pen\u011bz, ne\u017e kolik v\u00e1m jich osud a zam\u011bstnavatel dop\u0159\u00e1v\u00e1? Pak m\u016f\u017eete v\u00edc pracovat, zm\u011bnit profesi anebo si aspo\u0148 n\u011bjak\u00e9 pen\u00edze p\u016fj\u010dit.","url":"https:\/\/www.tenad.cz","hasPart":[{"@type":"Article","@id":"https:\/\/www.tenad.cz\/skvela-kvalita-pekny-vzhled\/","headline":"Skv\u011bl\u00e1 kvalita, p\u011bkn\u00fd vzhled","url":"https:\/\/www.tenad.cz\/skvela-kvalita-pekny-vzhled\/","datePublished":"2023-03-10","dateModified":"2024-03-12","mainEntityOfPage":"https:\/\/www.tenad.cz\/skvela-kvalita-pekny-vzhled\/","author":{"@type":"Person","@id":"https:\/\/www.tenad.cz\/author\/devene\/#Person","name":"devene","url":"https:\/\/www.tenad.cz\/author\/devene\/","identifier":1,"image":{"@type":"ImageObject","@id":"https:\/\/secure.gravatar.com\/avatar\/89f417dfbb336d235b856435ef935ffa51c2f646edc1f5c4e6fccf32a9c88173?s=96&d=mm&r=g","url":"https:\/\/secure.gravatar.com\/avatar\/89f417dfbb336d235b856435ef935ffa51c2f646edc1f5c4e6fccf32a9c88173?s=96&d=mm&r=g","height":96,"width":96}},"publisher":{"@type":"Organization","name":"tenad.cz","logo":{"@type":"ImageObject","@id":"\/logo.png","url":"\/logo.png","width":600,"height":60}},"image":null,"wordCount":527,"keywords":null},{"@type":"Article","@id":"https:\/\/www.tenad.cz\/rozhledny-v-nasi-zemi\/","headline":"Rozhledny v na\u0161\u00ed zemi","url":"https:\/\/www.tenad.cz\/rozhledny-v-nasi-zemi\/","datePublished":"2023-01-27","dateModified":"2023-07-27","mainEntityOfPage":"https:\/\/www.tenad.cz\/rozhledny-v-nasi-zemi\/","author":{"@type":"Person","@id":"https:\/\/www.tenad.cz\/author\/devene\/#Person","name":"devene","url":"https:\/\/www.tenad.cz\/author\/devene\/","identifier":1,"image":{"@type":"ImageObject","@id":"https:\/\/secure.gravatar.com\/avatar\/89f417dfbb336d235b856435ef935ffa51c2f646edc1f5c4e6fccf32a9c88173?s=96&d=mm&r=g","url":"https:\/\/secure.gravatar.com\/avatar\/89f417dfbb336d235b856435ef935ffa51c2f646edc1f5c4e6fccf32a9c88173?s=96&d=mm&r=g","height":96,"width":96}},"publisher":{"@type":"Organization","name":"tenad.cz","logo":{"@type":"ImageObject","@id":"\/logo.png","url":"\/logo.png","width":600,"height":60}},"image":{"@type":"ImageObject","@id":"https:\/\/www.tenad.cz\/wp-content\/uploads\/panorama-3375979_640.jpg","url":"https:\/\/www.tenad.cz\/wp-content\/uploads\/panorama-3375979_640.jpg","height":0,"width":0},"wordCount":570,"keywords":null},{"@type":"Article","@id":"https:\/\/www.tenad.cz\/krasne-sklenice-a-hrnecky\/","headline":"Kr\u00e1sn\u00e9 sklenice a hrne\u010dky","url":"https:\/\/www.tenad.cz\/krasne-sklenice-a-hrnecky\/","datePublished":"2023-01-14","dateModified":"2023-05-24","mainEntityOfPage":"https:\/\/www.tenad.cz\/krasne-sklenice-a-hrnecky\/","author":{"@type":"Person","@id":"https:\/\/www.tenad.cz\/author\/devene\/#Person","name":"devene","url":"https:\/\/www.tenad.cz\/author\/devene\/","identifier":1,"image":{"@type":"ImageObject","@id":"https:\/\/secure.gravatar.com\/avatar\/89f417dfbb336d235b856435ef935ffa51c2f646edc1f5c4e6fccf32a9c88173?s=96&d=mm&r=g","url":"https:\/\/secure.gravatar.com\/avatar\/89f417dfbb336d235b856435ef935ffa51c2f646edc1f5c4e6fccf32a9c88173?s=96&d=mm&r=g","height":96,"width":96}},"publisher":{"@type":"Organization","name":"tenad.cz","logo":{"@type":"ImageObject","@id":"\/logo.png","url":"\/logo.png","width":600,"height":60}},"image":{"@type":"ImageObject","@id":"https:\/\/www.tenad.cz\/wp-content\/uploads\/black-coffee-1868462_960_720.jpg","url":"https:\/\/www.tenad.cz\/wp-content\/uploads\/black-coffee-1868462_960_720.jpg","height":0,"width":0},"wordCount":589,"keywords":null},{"@type":"Article","@id":"https:\/\/www.tenad.cz\/chcete-si-v-zime-vyrazit-nekam-na-dovolenou-a-zalyzovat-si-mame-pro-vas-super-nabidku\/","headline":"Chcete si v zim\u011b vyrazit n\u011bkam na dovolenou a zaly\u017eovat si? M\u00e1me pro v\u00e1s super nab\u00eddku!","url":"https:\/\/www.tenad.cz\/chcete-si-v-zime-vyrazit-nekam-na-dovolenou-a-zalyzovat-si-mame-pro-vas-super-nabidku\/","datePublished":"2023-01-10","dateModified":"2023-05-24","mainEntityOfPage":"https:\/\/www.tenad.cz\/chcete-si-v-zime-vyrazit-nekam-na-dovolenou-a-zalyzovat-si-mame-pro-vas-super-nabidku\/","author":{"@type":"Person","@id":"https:\/\/www.tenad.cz\/author\/devene\/#Person","name":"devene","url":"https:\/\/www.tenad.cz\/author\/devene\/","identifier":1,"image":{"@type":"ImageObject","@id":"https:\/\/secure.gravatar.com\/avatar\/89f417dfbb336d235b856435ef935ffa51c2f646edc1f5c4e6fccf32a9c88173?s=96&d=mm&r=g","url":"https:\/\/secure.gravatar.com\/avatar\/89f417dfbb336d235b856435ef935ffa51c2f646edc1f5c4e6fccf32a9c88173?s=96&d=mm&r=g","height":96,"width":96}},"publisher":{"@type":"Organization","name":"tenad.cz","logo":{"@type":"ImageObject","@id":"\/logo.png","url":"\/logo.png","width":600,"height":60}},"image":{"@type":"ImageObject","@id":"https:\/\/www.tenad.cz\/wp-content\/uploads\/skiing-area-2106712_960_720.jpg","url":"https:\/\/www.tenad.cz\/wp-content\/uploads\/skiing-area-2106712_960_720.jpg","height":0,"width":0},"wordCount":570,"keywords":null},{"@type":"Article","@id":"https:\/\/www.tenad.cz\/sackovy-vysavac-na-koberec-nestaci\/","headline":"S\u00e1\u010dkov\u00fd vysava\u010d na koberec nesta\u010d\u00ed","url":"https:\/\/www.tenad.cz\/sackovy-vysavac-na-koberec-nestaci\/","datePublished":"2022-12-26","dateModified":"2023-05-24","mainEntityOfPage":"https:\/\/www.tenad.cz\/sackovy-vysavac-na-koberec-nestaci\/","author":{"@type":"Person","@id":"https:\/\/www.tenad.cz\/author\/devene\/#Person","name":"devene","url":"https:\/\/www.tenad.cz\/author\/devene\/","identifier":1,"image":{"@type":"ImageObject","@id":"https:\/\/secure.gravatar.com\/avatar\/89f417dfbb336d235b856435ef935ffa51c2f646edc1f5c4e6fccf32a9c88173?s=96&d=mm&r=g","url":"https:\/\/secure.gravatar.com\/avatar\/89f417dfbb336d235b856435ef935ffa51c2f646edc1f5c4e6fccf32a9c88173?s=96&d=mm&r=g","height":96,"width":96}},"publisher":{"@type":"Organization","name":"tenad.cz","logo":{"@type":"ImageObject","@id":"\/logo.png","url":"\/logo.png","width":600,"height":60}},"image":{"@type":"ImageObject","@id":"https:\/\/www.tenad.cz\/wp-content\/uploads\/carpet-g10fb67c32_640.jpg","url":"https:\/\/www.tenad.cz\/wp-content\/uploads\/carpet-g10fb67c32_640.jpg","height":0,"width":0},"wordCount":638,"keywords":null},{"@type":"Article","@id":"https:\/\/www.tenad.cz\/technika-je-nezbytna\/","headline":"Technika je nezbytn\u00e1","url":"https:\/\/www.tenad.cz\/technika-je-nezbytna\/","datePublished":"2022-11-25","dateModified":"2023-10-26","mainEntityOfPage":"https:\/\/www.tenad.cz\/technika-je-nezbytna\/","author":{"@type":"Person","@id":"https:\/\/www.tenad.cz\/author\/devene\/#Person","name":"devene","url":"https:\/\/www.tenad.cz\/author\/devene\/","identifier":1,"image":{"@type":"ImageObject","@id":"https:\/\/secure.gravatar.com\/avatar\/89f417dfbb336d235b856435ef935ffa51c2f646edc1f5c4e6fccf32a9c88173?s=96&d=mm&r=g","url":"https:\/\/secure.gravatar.com\/avatar\/89f417dfbb336d235b856435ef935ffa51c2f646edc1f5c4e6fccf32a9c88173?s=96&d=mm&r=g","height":96,"width":96}},"publisher":{"@type":"Organization","name":"tenad.cz","logo":{"@type":"ImageObject","@id":"\/logo.png","url":"\/logo.png","width":600,"height":60}},"image":{"@type":"ImageObject","@id":"https:\/\/www.tenad.cz\/wp-content\/uploads\/laptop-762548_1280.jpg","url":"https:\/\/www.tenad.cz\/wp-content\/uploads\/laptop-762548_1280.jpg","height":0,"width":0},"wordCount":826,"keywords":null},{"@type":"Article","@id":"https:\/\/www.tenad.cz\/bajecny-vecer-plny-stripteru\/","headline":"B\u00e1je\u010dn\u00fd ve\u010der pln\u00fd stript\u00e9r\u016f","url":"https:\/\/www.tenad.cz\/bajecny-vecer-plny-stripteru\/","datePublished":"2022-11-15","dateModified":"2022-11-15","mainEntityOfPage":"https:\/\/www.tenad.cz\/bajecny-vecer-plny-stripteru\/","author":{"@type":"Person","@id":"https:\/\/www.tenad.cz\/author\/devene\/#Person","name":"devene","url":"https:\/\/www.tenad.cz\/author\/devene\/","identifier":1,"image":{"@type":"ImageObject","@id":"https:\/\/secure.gravatar.com\/avatar\/89f417dfbb336d235b856435ef935ffa51c2f646edc1f5c4e6fccf32a9c88173?s=96&d=mm&r=g","url":"https:\/\/secure.gravatar.com\/avatar\/89f417dfbb336d235b856435ef935ffa51c2f646edc1f5c4e6fccf32a9c88173?s=96&d=mm&r=g","height":96,"width":96}},"publisher":{"@type":"Organization","name":"tenad.cz","logo":{"@type":"ImageObject","@id":"\/logo.png","url":"\/logo.png","width":600,"height":60}},"image":{"@type":"ImageObject","@id":"https:\/\/www.tenad.cz\/wp-content\/uploads\/woman-gb63348550_640_1.jpg","url":"https:\/\/www.tenad.cz\/wp-content\/uploads\/woman-gb63348550_640_1.jpg","height":0,"width":0},"wordCount":581,"keywords":null},{"@type":"Article","@id":"https:\/\/www.tenad.cz\/muzi-a-nakupy-veci-do-garaze\/","headline":"Mu\u017ei a n\u00e1kupy v\u011bc\u00ed do gar\u00e1\u017ee","url":"https:\/\/www.tenad.cz\/muzi-a-nakupy-veci-do-garaze\/","datePublished":"2022-08-23","dateModified":"2023-05-24","mainEntityOfPage":"https:\/\/www.tenad.cz\/muzi-a-nakupy-veci-do-garaze\/","author":{"@type":"Person","@id":"https:\/\/www.tenad.cz\/author\/devene\/#Person","name":"devene","url":"https:\/\/www.tenad.cz\/author\/devene\/","identifier":1,"image":{"@type":"ImageObject","@id":"https:\/\/secure.gravatar.com\/avatar\/89f417dfbb336d235b856435ef935ffa51c2f646edc1f5c4e6fccf32a9c88173?s=96&d=mm&r=g","url":"https:\/\/secure.gravatar.com\/avatar\/89f417dfbb336d235b856435ef935ffa51c2f646edc1f5c4e6fccf32a9c88173?s=96&d=mm&r=g","height":96,"width":96}},"publisher":{"@type":"Organization","name":"tenad.cz","logo":{"@type":"ImageObject","@id":"\/logo.png","url":"\/logo.png","width":600,"height":60}},"image":{"@type":"ImageObject","@id":"https:\/\/www.tenad.cz\/wp-content\/uploads\/mu%C5%BE_10_7.JPG","url":"https:\/\/www.tenad.cz\/wp-content\/uploads\/mu%C5%BE_10_7.JPG","height":0,"width":0},"wordCount":831,"keywords":null},{"@type":"Article","@id":"https:\/\/www.tenad.cz\/oddech-na-zahradce\/","headline":"Oddech na zahr\u00e1dce","url":"https:\/\/www.tenad.cz\/oddech-na-zahradce\/","datePublished":"2022-07-09","dateModified":"2023-12-20","mainEntityOfPage":"https:\/\/www.tenad.cz\/oddech-na-zahradce\/","author":{"@type":"Person","@id":"https:\/\/www.tenad.cz\/author\/devene\/#Person","name":"devene","url":"https:\/\/www.tenad.cz\/author\/devene\/","identifier":1,"image":{"@type":"ImageObject","@id":"https:\/\/secure.gravatar.com\/avatar\/89f417dfbb336d235b856435ef935ffa51c2f646edc1f5c4e6fccf32a9c88173?s=96&d=mm&r=g","url":"https:\/\/secure.gravatar.com\/avatar\/89f417dfbb336d235b856435ef935ffa51c2f646edc1f5c4e6fccf32a9c88173?s=96&d=mm&r=g","height":96,"width":96}},"publisher":{"@type":"Organization","name":"tenad.cz","logo":{"@type":"ImageObject","@id":"\/logo.png","url":"\/logo.png","width":600,"height":60}},"image":{"@type":"ImageObject","@id":"https:\/\/www.tenad.cz\/wp-content\/uploads\/aaaaaaa.jpg","url":"https:\/\/www.tenad.cz\/wp-content\/uploads\/aaaaaaa.jpg","height":0,"width":0},"wordCount":623,"keywords":null},{"@type":"Article","@id":"https:\/\/www.tenad.cz\/zeolit-je-pomocnik-pri-filtrovani-bazenu\/","headline":"Zeolit je pomocn\u00edk p\u0159i filtrov\u00e1n\u00ed baz\u00e9n\u016f","url":"https:\/\/www.tenad.cz\/zeolit-je-pomocnik-pri-filtrovani-bazenu\/","datePublished":"2022-06-30","dateModified":"2023-05-24","mainEntityOfPage":"https:\/\/www.tenad.cz\/zeolit-je-pomocnik-pri-filtrovani-bazenu\/","author":{"@type":"Person","@id":"https:\/\/www.tenad.cz\/author\/devene\/#Person","name":"devene","url":"https:\/\/www.tenad.cz\/author\/devene\/","identifier":1,"image":{"@type":"ImageObject","@id":"https:\/\/secure.gravatar.com\/avatar\/89f417dfbb336d235b856435ef935ffa51c2f646edc1f5c4e6fccf32a9c88173?s=96&d=mm&r=g","url":"https:\/\/secure.gravatar.com\/avatar\/89f417dfbb336d235b856435ef935ffa51c2f646edc1f5c4e6fccf32a9c88173?s=96&d=mm&r=g","height":96,"width":96}},"publisher":{"@type":"Organization","name":"tenad.cz","logo":{"@type":"ImageObject","@id":"\/logo.png","url":"\/logo.png","width":600,"height":60}},"image":{"@type":"ImageObject","@id":"https:\/\/www.tenad.cz\/wp-content\/uploads\/pexels-andrea-piacquadio-3768701.jpg","url":"https:\/\/www.tenad.cz\/wp-content\/uploads\/pexels-andrea-piacquadio-3768701.jpg","height":0,"width":0},"wordCount":570,"keywords":null}]},{"@context":"https:\/\/schema.org","@type":"WebSite","@id":"https:\/\/www.tenad.cz\/#website","name":"Tenad","url":"https:\/\/www.tenad.cz","potentialAction":{"@type":"SearchAction","target":"https:\/\/www.tenad.cz\/?s={search_term_string}","query-input":"required name=search_term_string"}}]