{"@context":"https:\/\/schema.org\/","@type":"CollectionPage","@id":"https:\/\/www.tenad.cz\/nakupovani\/#CollectionPage","headline":"Nakupov\u00e1n\u00ed Category","description":"","url":"https:\/\/www.tenad.cz\/nakupovani\/","hasPart":[{"@type":"Article","@id":"https:\/\/www.tenad.cz\/nemusime-se-vzdavat-dezertu\/","headline":"Nemus\u00edme se vzd\u00e1vat dezert\u016f","url":"https:\/\/www.tenad.cz\/nemusime-se-vzdavat-dezertu\/","datePublished":"2018-11-01","dateModified":"2024-06-28","mainEntityOfPage":"https:\/\/www.tenad.cz\/nemusime-se-vzdavat-dezertu\/","author":{"@type":"Person","@id":"https:\/\/www.tenad.cz\/author\/devene\/#Person","name":"devene","url":"https:\/\/www.tenad.cz\/author\/devene\/","identifier":1,"image":{"@type":"ImageObject","@id":"https:\/\/secure.gravatar.com\/avatar\/89f417dfbb336d235b856435ef935ffa51c2f646edc1f5c4e6fccf32a9c88173?s=96&d=mm&r=g","url":"https:\/\/secure.gravatar.com\/avatar\/89f417dfbb336d235b856435ef935ffa51c2f646edc1f5c4e6fccf32a9c88173?s=96&d=mm&r=g","height":96,"width":96}},"publisher":{"@type":"Organization","name":"tenad.cz","logo":{"@type":"ImageObject","@id":"\/logo.png","url":"\/logo.png","width":600,"height":60}},"image":{"@type":"ImageObject","@id":"https:\/\/www.tenad.cz\/wp-content\/uploads\/img_a331834_w1706_t1544351247.jpg","url":"https:\/\/www.tenad.cz\/wp-content\/uploads\/img_a331834_w1706_t1544351247.jpg","height":0,"width":0},"keywords":null},{"@type":"Article","@id":"https:\/\/www.tenad.cz\/s-drzakem-k-pohodlnejsimu-zivotu\/","headline":"S dr\u017e\u00e1kem k pohodln\u011bj\u0161\u00edmu \u017eivotu","url":"https:\/\/www.tenad.cz\/s-drzakem-k-pohodlnejsimu-zivotu\/","datePublished":"2018-09-13","dateModified":"2023-05-24","mainEntityOfPage":"https:\/\/www.tenad.cz\/s-drzakem-k-pohodlnejsimu-zivotu\/","author":{"@type":"Person","@id":"https:\/\/www.tenad.cz\/author\/devene\/#Person","name":"devene","url":"https:\/\/www.tenad.cz\/author\/devene\/","identifier":1,"image":{"@type":"ImageObject","@id":"https:\/\/secure.gravatar.com\/avatar\/89f417dfbb336d235b856435ef935ffa51c2f646edc1f5c4e6fccf32a9c88173?s=96&d=mm&r=g","url":"https:\/\/secure.gravatar.com\/avatar\/89f417dfbb336d235b856435ef935ffa51c2f646edc1f5c4e6fccf32a9c88173?s=96&d=mm&r=g","height":96,"width":96}},"publisher":{"@type":"Organization","name":"tenad.cz","logo":{"@type":"ImageObject","@id":"\/logo.png","url":"\/logo.png","width":600,"height":60}},"image":{"@type":"ImageObject","@id":"https:\/\/www.tenad.cz\/wp-content\/uploads\/img_a325917_w2442_t1538042461.jpg","url":"https:\/\/www.tenad.cz\/wp-content\/uploads\/img_a325917_w2442_t1538042461.jpg","height":0,"width":0},"keywords":null},{"@type":"Article","@id":"https:\/\/www.tenad.cz\/krasne-pradlo-pro-sebevedomou-zenu-to-je-victorias-secret\/","headline":"Kr\u00e1sn\u00e9 pr\u00e1dlo pro sebev\u011bdomou \u017eenu \u2013 to je Victoria\u2019s secret","url":"https:\/\/www.tenad.cz\/krasne-pradlo-pro-sebevedomou-zenu-to-je-victorias-secret\/","datePublished":"2017-12-14","dateModified":"2023-05-24","mainEntityOfPage":"https:\/\/www.tenad.cz\/krasne-pradlo-pro-sebevedomou-zenu-to-je-victorias-secret\/","author":{"@type":"Person","@id":"https:\/\/www.tenad.cz\/author\/devene\/#Person","name":"devene","url":"https:\/\/www.tenad.cz\/author\/devene\/","identifier":1,"image":{"@type":"ImageObject","@id":"https:\/\/secure.gravatar.com\/avatar\/89f417dfbb336d235b856435ef935ffa51c2f646edc1f5c4e6fccf32a9c88173?s=96&d=mm&r=g","url":"https:\/\/secure.gravatar.com\/avatar\/89f417dfbb336d235b856435ef935ffa51c2f646edc1f5c4e6fccf32a9c88173?s=96&d=mm&r=g","height":96,"width":96}},"publisher":{"@type":"Organization","name":"tenad.cz","logo":{"@type":"ImageObject","@id":"\/logo.png","url":"\/logo.png","width":600,"height":60}},"image":{"@type":"ImageObject","@id":"https:\/\/www.tenad.cz\/wp-content\/uploads\/img_a307189_w2415_t1518595001.jpg","url":"https:\/\/www.tenad.cz\/wp-content\/uploads\/img_a307189_w2415_t1518595001.jpg","height":0,"width":0},"keywords":null},{"@type":"Article","@id":"https:\/\/www.tenad.cz\/i-vy-mate-moznost-se-branit\/","headline":"I vy m\u00e1te mo\u017enost se br\u00e1nit","url":"https:\/\/www.tenad.cz\/i-vy-mate-moznost-se-branit\/","datePublished":"2017-06-27","dateModified":"2023-05-24","mainEntityOfPage":"https:\/\/www.tenad.cz\/i-vy-mate-moznost-se-branit\/","author":{"@type":"Person","@id":"https:\/\/www.tenad.cz\/author\/devene\/#Person","name":"devene","url":"https:\/\/www.tenad.cz\/author\/devene\/","identifier":1,"image":{"@type":"ImageObject","@id":"https:\/\/secure.gravatar.com\/avatar\/89f417dfbb336d235b856435ef935ffa51c2f646edc1f5c4e6fccf32a9c88173?s=96&d=mm&r=g","url":"https:\/\/secure.gravatar.com\/avatar\/89f417dfbb336d235b856435ef935ffa51c2f646edc1f5c4e6fccf32a9c88173?s=96&d=mm&r=g","height":96,"width":96}},"publisher":{"@type":"Organization","name":"tenad.cz","logo":{"@type":"ImageObject","@id":"\/logo.png","url":"\/logo.png","width":600,"height":60}},"image":{"@type":"ImageObject","@id":"https:\/\/www.tenad.cz\/wp-content\/uploads\/img_a290168_w2116_t1502274134.jpg","url":"https:\/\/www.tenad.cz\/wp-content\/uploads\/img_a290168_w2116_t1502274134.jpg","height":0,"width":0},"keywords":null}]}