{"@context":"https:\/\/schema.org\/","@type":"CollectionPage","@id":"https:\/\/www.tenad.cz\/nakupovani\/#CollectionPage","headline":"Nakupov\u00e1n\u00ed Category","description":"","url":"https:\/\/www.tenad.cz\/nakupovani\/","hasPart":[{"@type":"Article","@id":"https:\/\/www.tenad.cz\/plastovy-vs-jedly-kelimek\/","headline":"Plastov\u00fd vs. jedl\u00fd kel\u00edmek","url":"https:\/\/www.tenad.cz\/plastovy-vs-jedly-kelimek\/","datePublished":"2021-11-08","dateModified":"2023-09-13","mainEntityOfPage":"https:\/\/www.tenad.cz\/plastovy-vs-jedly-kelimek\/","author":{"@type":"Person","@id":"https:\/\/www.tenad.cz\/author\/devene\/#Person","name":"devene","url":"https:\/\/www.tenad.cz\/author\/devene\/","identifier":1,"image":{"@type":"ImageObject","@id":"https:\/\/secure.gravatar.com\/avatar\/89f417dfbb336d235b856435ef935ffa51c2f646edc1f5c4e6fccf32a9c88173?s=96&d=mm&r=g","url":"https:\/\/secure.gravatar.com\/avatar\/89f417dfbb336d235b856435ef935ffa51c2f646edc1f5c4e6fccf32a9c88173?s=96&d=mm&r=g","height":96,"width":96}},"publisher":{"@type":"Organization","name":"tenad.cz","logo":{"@type":"ImageObject","@id":"\/logo.png","url":"\/logo.png","width":600,"height":60}},"image":{"@type":"ImageObject","@id":"https:\/\/www.tenad.cz\/wp-content\/uploads\/jedl%C3%A9%20tal%C3%AD%C5%99e_FnrkfO.png","url":"https:\/\/www.tenad.cz\/wp-content\/uploads\/jedl%C3%A9%20tal%C3%AD%C5%99e_FnrkfO.png","height":0,"width":0},"keywords":null},{"@type":"Article","@id":"https:\/\/www.tenad.cz\/nepodcenujte-cistotu-vody\/","headline":"Nepodce\u0148ujte \u010distotu vody","url":"https:\/\/www.tenad.cz\/nepodcenujte-cistotu-vody\/","datePublished":"2021-08-20","dateModified":"2023-05-24","mainEntityOfPage":"https:\/\/www.tenad.cz\/nepodcenujte-cistotu-vody\/","author":{"@type":"Person","@id":"https:\/\/www.tenad.cz\/author\/devene\/#Person","name":"devene","url":"https:\/\/www.tenad.cz\/author\/devene\/","identifier":1,"image":{"@type":"ImageObject","@id":"https:\/\/secure.gravatar.com\/avatar\/89f417dfbb336d235b856435ef935ffa51c2f646edc1f5c4e6fccf32a9c88173?s=96&d=mm&r=g","url":"https:\/\/secure.gravatar.com\/avatar\/89f417dfbb336d235b856435ef935ffa51c2f646edc1f5c4e6fccf32a9c88173?s=96&d=mm&r=g","height":96,"width":96}},"publisher":{"@type":"Organization","name":"tenad.cz","logo":{"@type":"ImageObject","@id":"\/logo.png","url":"\/logo.png","width":600,"height":60}},"image":{"@type":"ImageObject","@id":"https:\/\/www.tenad.cz\/wp-content\/uploads\/Luxusn%C3%AD%20baz%C3%A9n.jpg","url":"https:\/\/www.tenad.cz\/wp-content\/uploads\/Luxusn%C3%AD%20baz%C3%A9n.jpg","height":0,"width":0},"keywords":null},{"@type":"Article","@id":"https:\/\/www.tenad.cz\/seznamte-se-s-gdpr\/","headline":"Seznamte se s GDPR","url":"https:\/\/www.tenad.cz\/seznamte-se-s-gdpr\/","datePublished":"2021-05-14","dateModified":"2023-05-24","mainEntityOfPage":"https:\/\/www.tenad.cz\/seznamte-se-s-gdpr\/","author":{"@type":"Person","@id":"https:\/\/www.tenad.cz\/author\/devene\/#Person","name":"devene","url":"https:\/\/www.tenad.cz\/author\/devene\/","identifier":1,"image":{"@type":"ImageObject","@id":"https:\/\/secure.gravatar.com\/avatar\/89f417dfbb336d235b856435ef935ffa51c2f646edc1f5c4e6fccf32a9c88173?s=96&d=mm&r=g","url":"https:\/\/secure.gravatar.com\/avatar\/89f417dfbb336d235b856435ef935ffa51c2f646edc1f5c4e6fccf32a9c88173?s=96&d=mm&r=g","height":96,"width":96}},"publisher":{"@type":"Organization","name":"tenad.cz","logo":{"@type":"ImageObject","@id":"\/logo.png","url":"\/logo.png","width":600,"height":60}},"image":{"@type":"ImageObject","@id":"https:\/\/www.tenad.cz\/wp-content\/uploads\/N%C3%A1pis%20security.jpg","url":"https:\/\/www.tenad.cz\/wp-content\/uploads\/N%C3%A1pis%20security.jpg","height":0,"width":0},"keywords":null},{"@type":"Article","@id":"https:\/\/www.tenad.cz\/vybirame-vhodne-damske-hodinky\/","headline":"Vyb\u00edr\u00e1me vhodn\u00e9 d\u00e1msk\u00e9 hodinky","url":"https:\/\/www.tenad.cz\/vybirame-vhodne-damske-hodinky\/","datePublished":"2020-10-20","dateModified":"2023-05-24","mainEntityOfPage":"https:\/\/www.tenad.cz\/vybirame-vhodne-damske-hodinky\/","author":{"@type":"Person","@id":"https:\/\/www.tenad.cz\/author\/devene\/#Person","name":"devene","url":"https:\/\/www.tenad.cz\/author\/devene\/","identifier":1,"image":{"@type":"ImageObject","@id":"https:\/\/secure.gravatar.com\/avatar\/89f417dfbb336d235b856435ef935ffa51c2f646edc1f5c4e6fccf32a9c88173?s=96&d=mm&r=g","url":"https:\/\/secure.gravatar.com\/avatar\/89f417dfbb336d235b856435ef935ffa51c2f646edc1f5c4e6fccf32a9c88173?s=96&d=mm&r=g","height":96,"width":96}},"publisher":{"@type":"Organization","name":"tenad.cz","logo":{"@type":"ImageObject","@id":"\/logo.png","url":"\/logo.png","width":600,"height":60}},"image":{"@type":"ImageObject","@id":"https:\/\/www.tenad.cz\/wp-content\/uploads\/img_a342426_w2521_t1555184085.jpg","url":"https:\/\/www.tenad.cz\/wp-content\/uploads\/img_a342426_w2521_t1555184085.jpg","height":0,"width":0},"keywords":null},{"@type":"Article","@id":"https:\/\/www.tenad.cz\/sklenene-dvere-a-zasteny\/","headline":"Sklen\u011bn\u00e9 dve\u0159e a z\u00e1st\u011bny","url":"https:\/\/www.tenad.cz\/sklenene-dvere-a-zasteny\/","datePublished":"2020-08-07","dateModified":"2023-05-24","mainEntityOfPage":"https:\/\/www.tenad.cz\/sklenene-dvere-a-zasteny\/","author":{"@type":"Person","@id":"https:\/\/www.tenad.cz\/author\/devene\/#Person","name":"devene","url":"https:\/\/www.tenad.cz\/author\/devene\/","identifier":1,"image":{"@type":"ImageObject","@id":"https:\/\/secure.gravatar.com\/avatar\/89f417dfbb336d235b856435ef935ffa51c2f646edc1f5c4e6fccf32a9c88173?s=96&d=mm&r=g","url":"https:\/\/secure.gravatar.com\/avatar\/89f417dfbb336d235b856435ef935ffa51c2f646edc1f5c4e6fccf32a9c88173?s=96&d=mm&r=g","height":96,"width":96}},"publisher":{"@type":"Organization","name":"tenad.cz","logo":{"@type":"ImageObject","@id":"\/logo.png","url":"\/logo.png","width":600,"height":60}},"image":{"@type":"ImageObject","@id":"https:\/\/www.tenad.cz\/wp-content\/uploads\/vstup%20a%20interi%C3%A9r.png","url":"https:\/\/www.tenad.cz\/wp-content\/uploads\/vstup%20a%20interi%C3%A9r.png","height":0,"width":0},"keywords":null},{"@type":"Article","@id":"https:\/\/www.tenad.cz\/jsou-reklamni-predmety-vhodnym-zpusobem-propagace\/","headline":"Jsou reklamn\u00ed p\u0159edm\u011bty vhodn\u00fdm zp\u016fsobem propagace?","url":"https:\/\/www.tenad.cz\/jsou-reklamni-predmety-vhodnym-zpusobem-propagace\/","datePublished":"2020-08-04","dateModified":"2023-09-13","mainEntityOfPage":"https:\/\/www.tenad.cz\/jsou-reklamni-predmety-vhodnym-zpusobem-propagace\/","author":{"@type":"Person","@id":"https:\/\/www.tenad.cz\/author\/devene\/#Person","name":"devene","url":"https:\/\/www.tenad.cz\/author\/devene\/","identifier":1,"image":{"@type":"ImageObject","@id":"https:\/\/secure.gravatar.com\/avatar\/89f417dfbb336d235b856435ef935ffa51c2f646edc1f5c4e6fccf32a9c88173?s=96&d=mm&r=g","url":"https:\/\/secure.gravatar.com\/avatar\/89f417dfbb336d235b856435ef935ffa51c2f646edc1f5c4e6fccf32a9c88173?s=96&d=mm&r=g","height":96,"width":96}},"publisher":{"@type":"Organization","name":"tenad.cz","logo":{"@type":"ImageObject","@id":"\/logo.png","url":"\/logo.png","width":600,"height":60}},"image":{"@type":"ImageObject","@id":"https:\/\/www.tenad.cz\/wp-content\/uploads\/ksiltovka2_3.png","url":"https:\/\/www.tenad.cz\/wp-content\/uploads\/ksiltovka2_3.png","height":0,"width":0},"keywords":null},{"@type":"Article","@id":"https:\/\/www.tenad.cz\/jak-nakupovat-rozumne-a-s-citem\/","headline":"Jak nakupovat rozumn\u011b a s citem","url":"https:\/\/www.tenad.cz\/jak-nakupovat-rozumne-a-s-citem\/","datePublished":"2020-03-03","dateModified":"2023-05-24","mainEntityOfPage":"https:\/\/www.tenad.cz\/jak-nakupovat-rozumne-a-s-citem\/","author":{"@type":"Person","@id":"https:\/\/www.tenad.cz\/author\/devene\/#Person","name":"devene","url":"https:\/\/www.tenad.cz\/author\/devene\/","identifier":1,"image":{"@type":"ImageObject","@id":"https:\/\/secure.gravatar.com\/avatar\/89f417dfbb336d235b856435ef935ffa51c2f646edc1f5c4e6fccf32a9c88173?s=96&d=mm&r=g","url":"https:\/\/secure.gravatar.com\/avatar\/89f417dfbb336d235b856435ef935ffa51c2f646edc1f5c4e6fccf32a9c88173?s=96&d=mm&r=g","height":96,"width":96}},"publisher":{"@type":"Organization","name":"tenad.cz","logo":{"@type":"ImageObject","@id":"\/logo.png","url":"\/logo.png","width":600,"height":60}},"image":{"@type":"ImageObject","@id":"https:\/\/www.tenad.cz\/wp-content\/uploads\/img_a372449_w4202_t1583911680.jpg","url":"https:\/\/www.tenad.cz\/wp-content\/uploads\/img_a372449_w4202_t1583911680.jpg","height":0,"width":0},"keywords":null},{"@type":"Article","@id":"https:\/\/www.tenad.cz\/plesove-saty-vyprodej\/","headline":"Plesov\u00e9 \u0161aty v\u00fdprodej","url":"https:\/\/www.tenad.cz\/plesove-saty-vyprodej\/","datePublished":"2019-07-23","dateModified":"2023-05-24","mainEntityOfPage":"https:\/\/www.tenad.cz\/plesove-saty-vyprodej\/","author":{"@type":"Person","@id":"https:\/\/www.tenad.cz\/author\/devene\/#Person","name":"devene","url":"https:\/\/www.tenad.cz\/author\/devene\/","identifier":1,"image":{"@type":"ImageObject","@id":"https:\/\/secure.gravatar.com\/avatar\/89f417dfbb336d235b856435ef935ffa51c2f646edc1f5c4e6fccf32a9c88173?s=96&d=mm&r=g","url":"https:\/\/secure.gravatar.com\/avatar\/89f417dfbb336d235b856435ef935ffa51c2f646edc1f5c4e6fccf32a9c88173?s=96&d=mm&r=g","height":96,"width":96}},"publisher":{"@type":"Organization","name":"tenad.cz","logo":{"@type":"ImageObject","@id":"\/logo.png","url":"\/logo.png","width":600,"height":60}},"image":{"@type":"ImageObject","@id":"https:\/\/www.tenad.cz\/wp-content\/uploads\/img_a353582_w1711_t1568099146.jpg","url":"https:\/\/www.tenad.cz\/wp-content\/uploads\/img_a353582_w1711_t1568099146.jpg","height":0,"width":0},"keywords":null},{"@type":"Article","@id":"https:\/\/www.tenad.cz\/sibutramin-vam-nedovoli-ani-jedine-zbytecne-sousto-navic\/","headline":"Sibutramin v\u00e1m nedovol\u00ed ani jedin\u00e9 zbyte\u010dn\u00e9 sousto nav\u00edc","url":"https:\/\/www.tenad.cz\/sibutramin-vam-nedovoli-ani-jedine-zbytecne-sousto-navic\/","datePublished":"2019-05-24","dateModified":"2024-04-02","mainEntityOfPage":"https:\/\/www.tenad.cz\/sibutramin-vam-nedovoli-ani-jedine-zbytecne-sousto-navic\/","author":{"@type":"Person","@id":"https:\/\/www.tenad.cz\/author\/devene\/#Person","name":"devene","url":"https:\/\/www.tenad.cz\/author\/devene\/","identifier":1,"image":{"@type":"ImageObject","@id":"https:\/\/secure.gravatar.com\/avatar\/89f417dfbb336d235b856435ef935ffa51c2f646edc1f5c4e6fccf32a9c88173?s=96&d=mm&r=g","url":"https:\/\/secure.gravatar.com\/avatar\/89f417dfbb336d235b856435ef935ffa51c2f646edc1f5c4e6fccf32a9c88173?s=96&d=mm&r=g","height":96,"width":96}},"publisher":{"@type":"Organization","name":"tenad.cz","logo":{"@type":"ImageObject","@id":"\/logo.png","url":"\/logo.png","width":600,"height":60}},"image":{"@type":"ImageObject","@id":"https:\/\/www.tenad.cz\/wp-content\/uploads\/img_a349225_w1735_t1564123692.jpg","url":"https:\/\/www.tenad.cz\/wp-content\/uploads\/img_a349225_w1735_t1564123692.jpg","height":0,"width":0},"keywords":null},{"@type":"Article","@id":"https:\/\/www.tenad.cz\/loznice-neni-jen-postel-a-nocni-stolek-s-lampickou\/","headline":"Lo\u017enice nen\u00ed jen postel a no\u010dn\u00ed stolek s lampi\u010dkou","url":"https:\/\/www.tenad.cz\/loznice-neni-jen-postel-a-nocni-stolek-s-lampickou\/","datePublished":"2019-02-07","dateModified":"2023-05-24","mainEntityOfPage":"https:\/\/www.tenad.cz\/loznice-neni-jen-postel-a-nocni-stolek-s-lampickou\/","author":{"@type":"Person","@id":"https:\/\/www.tenad.cz\/author\/devene\/#Person","name":"devene","url":"https:\/\/www.tenad.cz\/author\/devene\/","identifier":1,"image":{"@type":"ImageObject","@id":"https:\/\/secure.gravatar.com\/avatar\/89f417dfbb336d235b856435ef935ffa51c2f646edc1f5c4e6fccf32a9c88173?s=96&d=mm&r=g","url":"https:\/\/secure.gravatar.com\/avatar\/89f417dfbb336d235b856435ef935ffa51c2f646edc1f5c4e6fccf32a9c88173?s=96&d=mm&r=g","height":96,"width":96}},"publisher":{"@type":"Organization","name":"tenad.cz","logo":{"@type":"ImageObject","@id":"\/logo.png","url":"\/logo.png","width":600,"height":60}},"image":{"@type":"ImageObject","@id":"https:\/\/www.tenad.cz\/wp-content\/uploads\/img_a339161_w1711_t1552379664.jpg","url":"https:\/\/www.tenad.cz\/wp-content\/uploads\/img_a339161_w1711_t1552379664.jpg","height":0,"width":0},"keywords":null}]}